{"id":225,"date":"2016-02-14T23:31:31","date_gmt":"2016-02-14T23:31:31","guid":{"rendered":"http:\/\/protect-pharma.hr?p=225"},"modified":"2016-02-14T23:40:19","modified_gmt":"2016-02-14T23:40:19","slug":"biofach-je-iza-nas-a-izazovi-ispred","status":"publish","type":"post","link":"https:\/\/protect-pharma.hr\/hr\/biofach-je-iza-nas-a-izazovi-ispred\/","title":{"rendered":"Biofach je iza nas, a izazovi ispred :)"},"content":{"rendered":"<p>Na\u0161e gostovanje i predstavljanje na tom divnom sajmu Biofach-u dalo nam je jo\u0161 vi\u0161e snage i vjere u sebe i svoje proizvode.<br \/>\nUpoznali smo puno ljudi koji dijele istu strast, strast za zdravom i ukusnom hranom.<br \/>\nRazmjenjivali smo iskustva, ideje, a nekoliko stotina razmjenjenih posjetnica samo nagovje\u0161tava nastavak ozbiljnih komunikacija i suradnje.<br \/>\nPosjetiteljima i izlaga\u010dima nudili smo i prezentirali na\u0161e proizvode i usluge. Zanimljivo je re\u0107i da su svi vrlo ushi\u0107eni kada \u010duju da smo iz Hrvatske. Dobro je to \u0161to svi znaju da je Hrvatska rijedak mali ekolo\u0161ki Raj na Zemlji sa tako o\u010duvanom i \u010distom prirodom, te kvalitetnom hranom i kuhinjom.<br \/>\nVeselimo se svim daljnjim kontaktima i poslovima.<br \/>\nHvala svima na ugodnom dru\u017eenju i kvalitetno investiranom vremenu.<\/p>\n<p>Biofach je iza nas, a izazovi su ispred. Nastavljamo dalje sa proizvodnjom vrhunskih ekolo\u0161kih proizvoda i usluga, br\u017ee vi\u0161e ja\u010de.<\/p>\n<p>za Protect Pharmu<\/p>\n<p>Mladen Falami\u0107, vlasnik<\/p>","protected":false},"excerpt":{"rendered":"<p>Na\u0161e gostovanje i predstavljanje na tom divnom sajmu Biofach-u dalo nam je jo\u0161 vi\u0161e snage i vjere u sebe i svoje proizvode. Upoznali smo puno ljudi koji dijele istu strast, strast za zdravom i ukusnom hranom. Razmjenjivali smo iskustva, ideje, a nekoliko stotina razmjenjenih posjetnica samo nagovje\u0161tava nastavak ozbiljnih komunikacija i suradnje. Posjetiteljima i izlaga\u010dima &hellip; <a href=\"https:\/\/protect-pharma.hr\/hr\/biofach-je-iza-nas-a-izazovi-ispred\/\" class=\"more-link\">Nastavi \u010ditati <span class=\"screen-reader-text\">Biofach je iza nas, a izazovi ispred \ud83d\ude42<\/span> <span class=\"meta-nav\">&rarr;<\/span><\/a><\/p>\n","protected":false},"author":1,"featured_media":0,"comment_status":"closed","ping_status":"open","sticky":false,"template":"","format":"standard","meta":{"footnotes":""},"categories":[8],"tags":[],"class_list":["post-225","post","type-post","status-publish","format-standard","hentry","category-novosti"],"_links":{"self":[{"href":"https:\/\/protect-pharma.hr\/hr\/wp-json\/wp\/v2\/posts\/225","targetHints":{"allow":["GET"]}}],"collection":[{"href":"https:\/\/protect-pharma.hr\/hr\/wp-json\/wp\/v2\/posts"}],"about":[{"href":"https:\/\/protect-pharma.hr\/hr\/wp-json\/wp\/v2\/types\/post"}],"author":[{"embeddable":true,"href":"https:\/\/protect-pharma.hr\/hr\/wp-json\/wp\/v2\/users\/1"}],"replies":[{"embeddable":true,"href":"https:\/\/protect-pharma.hr\/hr\/wp-json\/wp\/v2\/comments?post=225"}],"version-history":[{"count":5,"href":"https:\/\/protect-pharma.hr\/hr\/wp-json\/wp\/v2\/posts\/225\/revisions"}],"predecessor-version":[{"id":230,"href":"https:\/\/protect-pharma.hr\/hr\/wp-json\/wp\/v2\/posts\/225\/revisions\/230"}],"wp:attachment":[{"href":"https:\/\/protect-pharma.hr\/hr\/wp-json\/wp\/v2\/media?parent=225"}],"wp:term":[{"taxonomy":"category","embeddable":true,"href":"https:\/\/protect-pharma.hr\/hr\/wp-json\/wp\/v2\/categories?post=225"},{"taxonomy":"post_tag","embeddable":true,"href":"https:\/\/protect-pharma.hr\/hr\/wp-json\/wp\/v2\/tags?post=225"}],"curies":[{"name":"wp","href":"https:\/\/api.w.org\/{rel}","templated":true}]}}