{"id":1,"date":"2016-01-11T05:45:50","date_gmt":"2016-01-11T05:45:50","guid":{"rendered":"http:\/\/protect-pharma.hr?p=1"},"modified":"2020-01-18T23:56:23","modified_gmt":"2020-01-18T23:56:23","slug":"biofach","status":"publish","type":"post","link":"https:\/\/protect-pharma.hr\/hr\/biofach\/","title":{"rendered":"Prona\u0111ite nas na Biofach-u."},"content":{"rendered":"<p><img loading=\"lazy\" decoding=\"async\" src=\"http:\/\/protect-pharma.hrwp-content\/uploads\/2016\/02\/BiofachDE.png\" alt=\"BiofachDE\" width=\"1004\" height=\"678\" class=\"alignnone size-full wp-image-165\" srcset=\"https:\/\/protect-pharma.hr\/wp-content\/uploads\/2016\/02\/BiofachDE.png 1004w, https:\/\/protect-pharma.hr\/wp-content\/uploads\/2016\/02\/BiofachDE-300x203.png 300w, https:\/\/protect-pharma.hr\/wp-content\/uploads\/2016\/02\/BiofachDE-768x519.png 768w, https:\/\/protect-pharma.hr\/wp-content\/uploads\/2016\/02\/BiofachDE-600x405.png 600w, https:\/\/protect-pharma.hr\/wp-content\/uploads\/2016\/02\/BiofachDE-237x160.png 237w\" sizes=\"auto, (max-width: 1004px) 100vw, 1004px\" \/><\/p>\n<p>Prona\u0111ite nas na Biofach-u.<br \/>\nBIOFACH &#8211; Vode\u0107i svjetski sajam za ekolo\u0161ke prehrambene proizvode<br \/>\nEkolo\u0161ki sajam odr\u017eava se u N\u00fcrnbergu od 10. &#8211; 13. velja\u010de 2016. godine.<br \/>\nEkolo\u0161ki certifikat je vi\u0161e od oznake ili certifikat: ekolo\u0161ki predstavlja kvalitetu i povjerenje &#8211; za odgovorno kori\u0161tenje prirodnih resursa. BIOFACH u Izlo\u017ebenom centru u N\u00fcrnbergu je mjesto gdje ljudi dijele svoje strastvene interes u ekolo\u0161koj hrani, upoznaju jedni druge i razmjenjuju mi\u0161ljenja, i to ve\u0107 vi\u0161e od 25 godina! Pridru\u017eite nam se u svijetu ekolo\u0161kih proizvoda i okusa. Kao gostuju\u0107i profesionalac mo\u017eete upoznati ekolo\u0161ke proizvo\u0111a\u010de iz me\u0111unarodnog ekolo\u0161kog tr\u017ei\u0161ta i biti inspiriran najnovijim svjetskim trendovima sektora. U\u0111ite u svijet ekolo\u0161ke hrane.<\/p>\n<p>Slobodno nazovite i dogovorite sastanak.<br \/>\nViber, WhatsAPP, GSM: +385913009982<br \/>\nE-mail: mladen.falamic@protect-pharma.hr<br \/>\nMladen Falamic, CEO<\/p>","protected":false},"excerpt":{"rendered":"<p>Prona\u0111ite nas na Biofach-u. BIOFACH &#8211; Vode\u0107i svjetski sajam za ekolo\u0161ke prehrambene proizvode Ekolo\u0161ki sajam odr\u017eava se u N\u00fcrnbergu od 10. &#8211; 13. velja\u010de 2016. godine. Ekolo\u0161ki certifikat je vi\u0161e od oznake ili certifikat: ekolo\u0161ki predstavlja kvalitetu i povjerenje &#8211; za odgovorno kori\u0161tenje prirodnih resursa. BIOFACH u Izlo\u017ebenom centru u N\u00fcrnbergu je mjesto gdje ljudi &hellip; <a href=\"https:\/\/protect-pharma.hr\/hr\/biofach\/\" class=\"more-link\">Nastavi \u010ditati <span class=\"screen-reader-text\">Prona\u0111ite nas na Biofach-u.<\/span> <span class=\"meta-nav\">&rarr;<\/span><\/a><\/p>\n","protected":false},"author":1,"featured_media":0,"comment_status":"closed","ping_status":"closed","sticky":false,"template":"","format":"standard","meta":{"footnotes":""},"categories":[8],"tags":[],"class_list":["post-1","post","type-post","status-publish","format-standard","hentry","category-novosti"],"_links":{"self":[{"href":"https:\/\/protect-pharma.hr\/hr\/wp-json\/wp\/v2\/posts\/1","targetHints":{"allow":["GET"]}}],"collection":[{"href":"https:\/\/protect-pharma.hr\/hr\/wp-json\/wp\/v2\/posts"}],"about":[{"href":"https:\/\/protect-pharma.hr\/hr\/wp-json\/wp\/v2\/types\/post"}],"author":[{"embeddable":true,"href":"https:\/\/protect-pharma.hr\/hr\/wp-json\/wp\/v2\/users\/1"}],"replies":[{"embeddable":true,"href":"https:\/\/protect-pharma.hr\/hr\/wp-json\/wp\/v2\/comments?post=1"}],"version-history":[{"count":3,"href":"https:\/\/protect-pharma.hr\/hr\/wp-json\/wp\/v2\/posts\/1\/revisions"}],"predecessor-version":[{"id":224,"href":"https:\/\/protect-pharma.hr\/hr\/wp-json\/wp\/v2\/posts\/1\/revisions\/224"}],"wp:attachment":[{"href":"https:\/\/protect-pharma.hr\/hr\/wp-json\/wp\/v2\/media?parent=1"}],"wp:term":[{"taxonomy":"category","embeddable":true,"href":"https:\/\/protect-pharma.hr\/hr\/wp-json\/wp\/v2\/categories?post=1"},{"taxonomy":"post_tag","embeddable":true,"href":"https:\/\/protect-pharma.hr\/hr\/wp-json\/wp\/v2\/tags?post=1"}],"curies":[{"name":"wp","href":"https:\/\/api.w.org\/{rel}","templated":true}]}}